{"id":574,"date":"2011-11-06T19:08:36","date_gmt":"2011-11-06T18:08:36","guid":{"rendered":"http:\/\/www.chor.pw.edu.pl\/?p=574"},"modified":"2017-02-22T12:00:00","modified_gmt":"2017-02-22T11:00:00","slug":"vii-warszawski-miedzynarodowy-festiwal-choralny-varsovia-cantat","status":"publish","type":"post","link":"https:\/\/www.chor.pw.edu.pl\/index.php\/pl\/2011\/11\/06\/vii-warszawski-miedzynarodowy-festiwal-choralny-varsovia-cantat\/","title":{"rendered":"VII Warszawski Mi\u0119dzynarodowy Festiwal Ch\u00f3ralny &#8222;Varsovia Cantat&#8221;"},"content":{"rendered":"<p><img loading=\"lazy\" decoding=\"async\" class=\"size-medium wp-image-512 alignleft\" src=\"http:\/\/www.chor.pw.edu.pl\/wp-content\/uploads\/migrated\/194.jpg\" alt=\"\" width=\"300\" height=\"50\" \/>Z rado\u015bci\u0105 pragniemy poinformowa\u0107, \u017ce na VII Warszawskim Mi\u0119dzynarodowym Festiwalu Ch\u00f3ralnym &#8222;Varsovia Cantat&#8221;, kt\u00f3ry odbywa\u0142 si\u0119 w dniach 4-6 listopada 2011r., zaj\u0119li\u015bmy PIERWSZE MIEJSCE w kategorii mieszanych ch\u00f3r\u00f3w m\u0142odzie\u017cowych.<\/p>\n","protected":false},"excerpt":{"rendered":"<p>Z rado\u015bci\u0105 pragniemy poinformowa\u0107, \u017ce na VII Warszawskim Mi\u0119dzynarodowym Festiwalu Ch\u00f3ralnym &#8222;Varsovia Cantat&#8221;, kt\u00f3ry odbywa\u0142 si\u0119 w dniach 4-6 listopada 2011r., zaj\u0119li\u015bmy PIERWSZE MIEJSCE w kategorii mieszanych ch\u00f3r\u00f3w m\u0142odzie\u017cowych.<\/p>\n","protected":false},"author":1,"featured_media":0,"comment_status":"closed","ping_status":"open","sticky":false,"template":"","format":"standard","meta":{"footnotes":""},"categories":[22],"tags":[],"_links":{"self":[{"href":"https:\/\/www.chor.pw.edu.pl\/index.php\/wp-json\/wp\/v2\/posts\/574"}],"collection":[{"href":"https:\/\/www.chor.pw.edu.pl\/index.php\/wp-json\/wp\/v2\/posts"}],"about":[{"href":"https:\/\/www.chor.pw.edu.pl\/index.php\/wp-json\/wp\/v2\/types\/post"}],"author":[{"embeddable":true,"href":"https:\/\/www.chor.pw.edu.pl\/index.php\/wp-json\/wp\/v2\/users\/1"}],"replies":[{"embeddable":true,"href":"https:\/\/www.chor.pw.edu.pl\/index.php\/wp-json\/wp\/v2\/comments?post=574"}],"version-history":[{"count":1,"href":"https:\/\/www.chor.pw.edu.pl\/index.php\/wp-json\/wp\/v2\/posts\/574\/revisions"}],"predecessor-version":[{"id":575,"href":"https:\/\/www.chor.pw.edu.pl\/index.php\/wp-json\/wp\/v2\/posts\/574\/revisions\/575"}],"wp:attachment":[{"href":"https:\/\/www.chor.pw.edu.pl\/index.php\/wp-json\/wp\/v2\/media?parent=574"}],"wp:term":[{"taxonomy":"category","embeddable":true,"href":"https:\/\/www.chor.pw.edu.pl\/index.php\/wp-json\/wp\/v2\/categories?post=574"},{"taxonomy":"post_tag","embeddable":true,"href":"https:\/\/www.chor.pw.edu.pl\/index.php\/wp-json\/wp\/v2\/tags?post=574"}],"curies":[{"name":"wp","href":"https:\/\/api.w.org\/{rel}","templated":true}]}}